{"id":2123,"date":"2025-09-26T16:17:31","date_gmt":"2025-09-26T19:17:31","guid":{"rendered":"https:\/\/santacasa.org.br\/prevencao\/?p=2123"},"modified":"2025-09-30T13:39:16","modified_gmt":"2025-09-30T16:39:16","slug":"durma-bem-copia","status":"publish","type":"post","link":"https:\/\/santacasa.org.br\/prevencao\/durma-bem-copia\/","title":{"rendered":"Durma Bem &#8211; c\u00f3pia"},"content":{"rendered":"\t\t<div data-elementor-type=\"wp-post\" data-elementor-id=\"2123\" class=\"elementor elementor-2123\">\n\t\t\t\t<div class=\"elementor-element elementor-element-12c439b e-con-full e-flex e-con e-parent\" data-id=\"12c439b\" data-element_type=\"container\">\n\t\t\t\t<div class=\"elementor-element elementor-element-265d8f8 elementor-widget elementor-widget-image\" data-id=\"265d8f8\" data-element_type=\"widget\" data-widget_type=\"image.default\">\n\t\t\t\t<div class=\"elementor-widget-container\">\n\t\t\t\t\t\t\t\t\t\t\t\t\t\t\t<img decoding=\"async\" src=\"https:\/\/santacasa.org.br\/prevencao\/wp-content\/uploads\/2025\/09\/Design-sem-nome-2025-09-26T164618.178-1.png\" title=\"Design sem nome &#8211; 2025-09-26T164618.178\" alt=\"Design sem nome - 2025-09-26T164618.178\" loading=\"lazy\" \/>\t\t\t\t\t\t\t\t\t\t\t\t\t\t\t<\/div>\n\t\t\t\t<\/div>\n\t\t\t\t<\/div>\n\t\t<div class=\"elementor-element elementor-element-8ca484b e-flex e-con-boxed e-con e-parent\" data-id=\"8ca484b\" data-element_type=\"container\">\n\t\t\t\t\t<div class=\"e-con-inner\">\n\t\t\t\t<div class=\"elementor-element elementor-element-97305ff elementor-widget elementor-widget-text-editor\" data-id=\"97305ff\" data-element_type=\"widget\" data-widget_type=\"text-editor.default\">\n\t\t\t\t<div class=\"elementor-widget-container\">\n\t\t\t\t\t\t\t\t\t<p><strong>Dormir bem: um pilar essencial da sa\u00fade<\/strong><\/p>\t\t\t\t\t\t\t\t<\/div>\n\t\t\t\t<\/div>\n\t\t\t\t<div class=\"elementor-element elementor-element-fd672ff elementor-widget elementor-widget-text-editor\" data-id=\"fd672ff\" data-element_type=\"widget\" data-widget_type=\"text-editor.default\">\n\t\t\t\t<div class=\"elementor-widget-container\">\n\t\t\t\t\t\t\t\t\t<p>O sono de qualidade \u00e9 t\u00e3o importante para a sa\u00fade quanto a alimenta\u00e7\u00e3o equilibrada e a pr\u00e1tica de atividades f\u00edsicas. Durante o descanso, o corpo realiza fun\u00e7\u00f5es vitais, como a repara\u00e7\u00e3o celular, o fortalecimento do sistema imunol\u00f3gico e a regula\u00e7\u00e3o de horm\u00f4nios que controlam o apetite, o humor e o metabolismo.<\/p>\t\t\t\t\t\t\t\t<\/div>\n\t\t\t\t<\/div>\n\t\t\t\t<div class=\"elementor-element elementor-element-6fcf509 elementor-widget elementor-widget-text-editor\" data-id=\"6fcf509\" data-element_type=\"widget\" data-widget_type=\"text-editor.default\">\n\t\t\t\t<div class=\"elementor-widget-container\">\n\t\t\t\t\t\t\t\t\t<p><strong>Por que o sono \u00e9 t\u00e3o importante?<\/strong><\/p>\t\t\t\t\t\t\t\t<\/div>\n\t\t\t\t<\/div>\n\t\t\t\t<div class=\"elementor-element elementor-element-c495c7b elementor-widget elementor-widget-text-editor\" data-id=\"c495c7b\" data-element_type=\"widget\" data-widget_type=\"text-editor.default\">\n\t\t\t\t<div class=\"elementor-widget-container\">\n\t\t\t\t\t\t\t\t\t<ul><li>Fortalece a mem\u00f3ria e a concentra\u00e7\u00e3o: o c\u00e9rebro organiza e fixa as informa\u00e7\u00f5es aprendidas durante o dia.<\/li><li>Protege o cora\u00e7\u00e3o: noites bem dormidas ajudam a regular a press\u00e3o arterial e reduzem o risco de doen\u00e7as cardiovasculares.<\/li><li>Previne doen\u00e7as: manter uma quantidade adequada de horas de sono \u2014 geralmente entre 7 e 9 horas por noite em adultos \u2014 associada \u00e0 boa qualidade do descanso, reduz o risco de desenvolver obesidade, diabetes, ansiedade e depress\u00e3o.<\/li><li>Melhora a imunidade: o organismo libera subst\u00e2ncias essenciais para combater infec\u00e7\u00f5es.<\/li><\/ul>\t\t\t\t\t\t\t\t<\/div>\n\t\t\t\t<\/div>\n\t\t\t\t<div class=\"elementor-element elementor-element-cfe3693 elementor-widget elementor-widget-text-editor\" data-id=\"cfe3693\" data-element_type=\"widget\" data-widget_type=\"text-editor.default\">\n\t\t\t\t<div class=\"elementor-widget-container\">\n\t\t\t\t\t\t\t\t\t<p><strong>H\u00e1bitos que favorecem um sono melhor<\/strong><\/p>\t\t\t\t\t\t\t\t<\/div>\n\t\t\t\t<\/div>\n\t\t\t\t<div class=\"elementor-element elementor-element-cbcd9e8 elementor-widget elementor-widget-text-editor\" data-id=\"cbcd9e8\" data-element_type=\"widget\" data-widget_type=\"text-editor.default\">\n\t\t\t\t<div class=\"elementor-widget-container\">\n\t\t\t\t\t\t\t\t\t<ul><li>Estabele\u00e7a hor\u00e1rios regulares para dormir e acordar, inclusive nos finais de semana.<\/li><li>Evite o uso de telas (celular, computador, TV) pelo menos uma hora antes de dormir.<\/li><li>Crie um ambiente adequado: silencioso, escuro e com temperatura agrad\u00e1vel.<\/li><li>Evite cafe\u00edna, nicotina, \u00e1lcool e refei\u00e7\u00f5es pesadas \u00e0 noite.<\/li><li>Pratique atividades f\u00edsicas regularmente, mas n\u00e3o muito pr\u00f3ximas da hora de dormir.<\/li><\/ul><ul><li>Desenvolva uma rotina relaxante antes de deitar-se, como leitura, medita\u00e7\u00e3o ou t\u00e9cnicas de respira\u00e7\u00e3o.<\/li><li>Reserve a cama apenas para dormir e para a intimidade, evitando estudar, trabalhar ou usar eletr\u00f4nicos deitado.<\/li><li>Prefira cochilos curtos (at\u00e9 30 minutos) e evite dormir ao final da tarde\/noite, para n\u00e3o atrapalhar o sono noturno.<\/li><\/ul>\t\t\t\t\t\t\t\t<\/div>\n\t\t\t\t<\/div>\n\t\t\t\t<div class=\"elementor-element elementor-element-323bb75 elementor-widget elementor-widget-text-editor\" data-id=\"323bb75\" data-element_type=\"widget\" data-widget_type=\"text-editor.default\">\n\t\t\t\t<div class=\"elementor-widget-container\">\n\t\t\t\t\t\t\t\t\t<p><strong>Quando buscar ajuda?<\/strong><\/p>\t\t\t\t\t\t\t\t<\/div>\n\t\t\t\t<\/div>\n\t\t\t\t<div class=\"elementor-element elementor-element-36ac7f6 elementor-widget elementor-widget-text-editor\" data-id=\"36ac7f6\" data-element_type=\"widget\" data-widget_type=\"text-editor.default\">\n\t\t\t\t<div class=\"elementor-widget-container\">\n\t\t\t\t\t\t\t\t\t<p>Dificuldade para iniciar ou manter o sono, ronco frequente, pausas na respira\u00e7\u00e3o durante o sono, sonol\u00eancia excessiva durante o dia, movimentos involunt\u00e1rios dos membros inferiores, podem indicar problemas que precisam de investiga\u00e7\u00e3o. O acompanhamento m\u00e9dico \u00e9 essencial para identificar as causas e indicar o tratamento adequado.<\/p><p>Na Santa Casa de Porto Alegre, voc\u00ea conta com a estrutura do Laborat\u00f3rio do Sono e especialistas em Medicina do Sono, que trabalham de forma multidisciplinar para oferecer diagn\u00f3stico e cuidado personalizado.<\/p><p>Dormir bem \u00e9 prevenir doen\u00e7as e garantir mais qualidade de vida. Conte com a Santa Casa de Porto Alegre para cuidar do seu sono e da sua sa\u00fade.<\/p>\t\t\t\t\t\t\t\t<\/div>\n\t\t\t\t<\/div>\n\t\t\t\t\t<\/div>\n\t\t\t\t<\/div>\n\t\t<div class=\"elementor-element elementor-element-abba578 e-flex e-con-boxed e-con e-parent\" data-id=\"abba578\" data-element_type=\"container\">\n\t\t\t\t\t<div class=\"e-con-inner\">\n\t\t\t\t<div class=\"elementor-element elementor-element-9505c47 elementor-widget elementor-widget-spacer\" data-id=\"9505c47\" data-element_type=\"widget\" data-widget_type=\"spacer.default\">\n\t\t\t\t<div class=\"elementor-widget-container\">\n\t\t\t\t\t\t\t<div class=\"elementor-spacer\">\n\t\t\t<div class=\"elementor-spacer-inner\"><\/div>\n\t\t<\/div>\n\t\t\t\t\t\t<\/div>\n\t\t\t\t<\/div>\n\t\t\t\t\t<\/div>\n\t\t\t\t<\/div>\n\t\t<div class=\"elementor-element elementor-element-199d04ba e-flex e-con-boxed e-con e-parent\" data-id=\"199d04ba\" data-element_type=\"container\" data-settings=\"{&quot;background_background&quot;:&quot;classic&quot;}\">\n\t\t\t\t\t<div class=\"e-con-inner\">\n\t\t<div class=\"elementor-element elementor-element-4dc0f9bc e-con-full e-flex e-con e-child\" data-id=\"4dc0f9bc\" data-element_type=\"container\">\n\t\t\t\t<div class=\"elementor-element elementor-element-758dae30 elementor-widget elementor-widget-text-editor\" data-id=\"758dae30\" data-element_type=\"widget\" data-widget_type=\"text-editor.default\">\n\t\t\t\t<div class=\"elementor-widget-container\">\n\t\t\t\t\t\t\t\t\t<p>Santa Casa de Porto Alegre<br \/>\u00a9 2023 Todos os direitos reservados.<\/p>\t\t\t\t\t\t\t\t<\/div>\n\t\t\t\t<\/div>\n\t\t\t\t<\/div>\n\t\t<div class=\"elementor-element elementor-element-1aa1e8e1 e-con-full e-flex e-con e-child\" data-id=\"1aa1e8e1\" data-element_type=\"container\">\n\t\t\t\t<div class=\"elementor-element elementor-element-19b69342 elementor-widget elementor-widget-text-editor\" data-id=\"19b69342\" data-element_type=\"widget\" data-widget_type=\"text-editor.default\">\n\t\t\t\t<div class=\"elementor-widget-container\">\n\t\t\t\t\t\t\t\t\t<p><strong>Central de Agendamento<br \/><\/strong>(51) 3214-8000<br \/>Rua Professor Annes Dias, 295<br \/>Centro Hist\u00f3rico, Porto Alegre &#8211; RS<br \/>CEP 90020-090<\/p>\t\t\t\t\t\t\t\t<\/div>\n\t\t\t\t<\/div>\n\t\t\t\t<\/div>\n\t\t<div class=\"elementor-element elementor-element-23468e8d e-con-full e-flex e-con e-child\" data-id=\"23468e8d\" data-element_type=\"container\">\n\t\t\t\t<div class=\"elementor-element elementor-element-2fbc836a elementor-widget elementor-widget-image\" data-id=\"2fbc836a\" data-element_type=\"widget\" data-widget_type=\"image.default\">\n\t\t\t\t<div class=\"elementor-widget-container\">\n\t\t\t\t\t\t\t\t\t\t\t\t\t\t\t<img fetchpriority=\"high\" decoding=\"async\" width=\"800\" height=\"800\" src=\"https:\/\/santacasa.org.br\/prevencao\/wp-content\/uploads\/2024\/09\/Design-sem-nome-2024-09-30T161707.219.png\" class=\"attachment-large size-large wp-image-1230\" alt=\"\" srcset=\"https:\/\/santacasa.org.br\/prevencao\/wp-content\/uploads\/2024\/09\/Design-sem-nome-2024-09-30T161707.219.png 1000w, https:\/\/santacasa.org.br\/prevencao\/wp-content\/uploads\/2024\/09\/Design-sem-nome-2024-09-30T161707.219-300x300.png 300w, https:\/\/santacasa.org.br\/prevencao\/wp-content\/uploads\/2024\/09\/Design-sem-nome-2024-09-30T161707.219-150x150.png 150w, https:\/\/santacasa.org.br\/prevencao\/wp-content\/uploads\/2024\/09\/Design-sem-nome-2024-09-30T161707.219-768x768.png 768w\" sizes=\"(max-width: 800px) 100vw, 800px\" \/>\t\t\t\t\t\t\t\t\t\t\t\t\t\t\t<\/div>\n\t\t\t\t<\/div>\n\t\t\t\t<\/div>\n\t\t\t\t\t<\/div>\n\t\t\t\t<\/div>\n\t\t\t\t<\/div>\n\t\t","protected":false},"excerpt":{"rendered":"<p>Dormir bem: um pilar essencial da sa\u00fade O sono de qualidade \u00e9 t\u00e3o importante para a sa\u00fade quanto a alimenta\u00e7\u00e3o equilibrada e a pr\u00e1tica de atividades f\u00edsicas. Durante o descanso, o corpo realiza fun\u00e7\u00f5es vitais, como a repara\u00e7\u00e3o celular, o fortalecimento do sistema imunol\u00f3gico e a regula\u00e7\u00e3o de horm\u00f4nios que controlam o apetite, o humor [&hellip;]<\/p>\n","protected":false},"author":1,"featured_media":0,"comment_status":"closed","ping_status":"closed","sticky":false,"template":"","format":"standard","meta":{"footnotes":""},"categories":[1],"tags":[],"class_list":["post-2123","post","type-post","status-publish","format-standard","hentry","category-sem-categoria"],"_links":{"self":[{"href":"https:\/\/santacasa.org.br\/prevencao\/wp-json\/wp\/v2\/posts\/2123","targetHints":{"allow":["GET"]}}],"collection":[{"href":"https:\/\/santacasa.org.br\/prevencao\/wp-json\/wp\/v2\/posts"}],"about":[{"href":"https:\/\/santacasa.org.br\/prevencao\/wp-json\/wp\/v2\/types\/post"}],"author":[{"embeddable":true,"href":"https:\/\/santacasa.org.br\/prevencao\/wp-json\/wp\/v2\/users\/1"}],"replies":[{"embeddable":true,"href":"https:\/\/santacasa.org.br\/prevencao\/wp-json\/wp\/v2\/comments?post=2123"}],"version-history":[{"count":15,"href":"https:\/\/santacasa.org.br\/prevencao\/wp-json\/wp\/v2\/posts\/2123\/revisions"}],"predecessor-version":[{"id":2225,"href":"https:\/\/santacasa.org.br\/prevencao\/wp-json\/wp\/v2\/posts\/2123\/revisions\/2225"}],"wp:attachment":[{"href":"https:\/\/santacasa.org.br\/prevencao\/wp-json\/wp\/v2\/media?parent=2123"}],"wp:term":[{"taxonomy":"category","embeddable":true,"href":"https:\/\/santacasa.org.br\/prevencao\/wp-json\/wp\/v2\/categories?post=2123"},{"taxonomy":"post_tag","embeddable":true,"href":"https:\/\/santacasa.org.br\/prevencao\/wp-json\/wp\/v2\/tags?post=2123"}],"curies":[{"name":"wp","href":"https:\/\/api.w.org\/{rel}","templated":true}]}}